{"id":775,"date":"2026-07-02T14:17:46","date_gmt":"2026-07-02T17:17:46","guid":{"rendered":"https:\/\/homilyai.com\/br\/?p=775"},"modified":"2026-07-02T14:17:46","modified_gmt":"2026-07-02T17:17:46","slug":"bendize-o-minha-alma-saude-e-bem-estar-a-luz-do-salmo-1031-5","status":"publish","type":"post","link":"https:\/\/homilyai.com\/br\/2026\/07\/02\/bendize-o-minha-alma-saude-e-bem-estar-a-luz-do-salmo-1031-5\/","title":{"rendered":"Bendize, \u00f3 minha alma: Sa\u00fade e Bem-Estar \u00e0 Luz do Salmo 103.1-5"},"content":{"rendered":"\n<p class=\"wp-block-paragraph\">Introdu\u00e7\u00e3o Pastoral<\/p>\n\n\n\n<p class=\"wp-block-paragraph\">Poucos temas tocam t\u00e3o profundamente a vida cotidiana quanto a sa\u00fade e o bem-estar. Vivemos numa \u00e9poca de avan\u00e7os m\u00e9dicos impressionantes, mas tamb\u00e9m de ansiedade generalizada, doen\u00e7as cr\u00f4nicas e um vazio existencial que nenhum exame cl\u00ednico consegue diagnosticar. O povo de Deus n\u00e3o est\u00e1 imune a essas lutas. Muitos crentes se perguntam: afinal, o que a B\u00edblia ensina sobre a sa\u00fade do corpo e da alma? O Salmo 103 nos oferece uma resposta que vai muito al\u00e9m de um simples \u201cseja saud\u00e1vel\u201d. Ele nos conduz a uma adora\u00e7\u00e3o que reconhece Deus como a fonte de toda cura, sustento e renova\u00e7\u00e3o.<\/p>\n\n\n\n<p class=\"wp-block-paragraph\">Ideia Central da Mensagem<\/p>\n\n\n\n<p class=\"wp-block-paragraph\">A verdadeira sa\u00fade e bem-estar n\u00e3o se encontram na aus\u00eancia de doen\u00e7as ou na prosperidade material, mas na comunh\u00e3o com o Deus que sara, redime e renova o seu povo, levando-nos a bendiz\u00ea-lo com toda a nossa alma.<\/p>\n\n\n\n<p class=\"wp-block-paragraph\">Texto B\u00edblico Base<\/p>\n\n\n\n<p class=\"wp-block-paragraph\">Salmo 103.1-5 (ARA): \u201cBendize, \u00f3 minha alma, ao Senhor, e tudo o que h\u00e1 em mim bendiga ao seu santo nome. Bendize, \u00f3 minha alma, ao Senhor, e n\u00e3o te esque\u00e7as de nem um s\u00f3 de seus benef\u00edcios. Ele \u00e9 quem perdoa todas as tuas iniquidades; quem sara todas as tuas enfermidades; quem da cova redime a tua vida; quem te coroa de gra\u00e7a e miseric\u00f3rdia; quem farta de bens a tua velhice, de sorte que a tua mocidade se renova como a \u00e1guia.\u201d<\/p>\n\n\n\n<p class=\"wp-block-paragraph\">1. A Sa\u00fade Come\u00e7a com a Adora\u00e7\u00e3o Interior (v. 1-2)<\/p>\n\n\n\n<p class=\"wp-block-paragraph\">O salmista n\u00e3o come\u00e7a com uma lista de h\u00e1bitos saud\u00e1veis, mas com um chamado \u00e0 alma: \u201cBendize, \u00f3 minha alma, ao Senhor\u201d. A palavra \u201calma\u201d aqui (hebraico *nephesh*) refere-se ao ser inteiro \u2014 mente, emo\u00e7\u00f5es, vontade. A sa\u00fade integral come\u00e7a quando o centro do nosso ser se volta para Deus em louvor e gratid\u00e3o. O vers\u00edculo 2 adverte: \u201cn\u00e3o te esque\u00e7as de nem um s\u00f3 de seus benef\u00edcios\u201d. O esquecimento \u00e9 a raiz de muitas doen\u00e7as espirituais: a ingratid\u00e3o gera amargura, a amargura adoece o corpo e a alma. Pastoralmente, isso nos lembra que o culto pessoal e comunit\u00e1rio n\u00e3o \u00e9 um extra opcional; \u00e9 o solo onde a sa\u00fade floresce.<\/p>\n\n\n\n<p class=\"wp-block-paragraph\">Aplica\u00e7\u00e3o: Examine seu cora\u00e7\u00e3o: voc\u00ea tem cultivado o h\u00e1bito de bendizer a Deus diariamente, mesmo em meio \u00e0s dores? A gratid\u00e3o n\u00e3o nega o sofrimento, mas o coloca sob a luz da bondade soberana de Deus.<\/p>\n\n\n\n<p class=\"wp-block-paragraph\">2. O Perd\u00e3o e a Cura Andam Juntos (v. 3)<\/p>\n\n\n\n<p class=\"wp-block-paragraph\">O vers\u00edculo 3 conecta duas obras divinas: \u201cperdoa todas as tuas iniquidades\u201d e \u201csara todas as tuas enfermidades\u201d. No Antigo Testamento, a rela\u00e7\u00e3o entre pecado e doen\u00e7a n\u00e3o \u00e9 mec\u00e2nica (nem toda enfermidade \u00e9 consequ\u00eancia direta de um pecado espec\u00edfico), mas h\u00e1 uma dimens\u00e3o espiritual ineg\u00e1vel. A culpa n\u00e3o confessada pesa sobre o corpo e a mente. O perd\u00e3o de Deus em Cristo \u00e9 a cura mais profunda que podemos experimentar. O evangelho n\u00e3o promete que nunca ficaremos doentes, mas que o maior mal \u2014 o pecado \u2014 j\u00e1 foi tratado na cruz. A partir dessa certeza, podemos enfrentar as enfermidades com esperan\u00e7a.<\/p>\n\n\n\n<p class=\"wp-block-paragraph\">Aplica\u00e7\u00e3o: Se voc\u00ea carrega culpas n\u00e3o resolvidas, busque a confiss\u00e3o e a certeza do perd\u00e3o em Cristo. A cura f\u00edsica pode ou n\u00e3o vir, mas a cura espiritual \u00e9 garantida a todo aquele que cr\u00ea.<\/p>\n\n\n\n<p class=\"wp-block-paragraph\">3. Reden\u00e7\u00e3o, Gra\u00e7a e Renova\u00e7\u00e3o (v. 4-5)<\/p>\n\n\n\n<p class=\"wp-block-paragraph\">O salmo avan\u00e7a para tr\u00eas benef\u00edcios que completam o quadro do bem-estar:<br> &#8211; \u201cQuem da cova redime a tua vida\u201d \u2014 Deus nos tira da morte e do desespero. A reden\u00e7\u00e3o \u00e9 a base de toda esperan\u00e7a.<br> &#8211; \u201cQuem te coroa de gra\u00e7a e miseric\u00f3rdia\u201d \u2014 N\u00e3o merecemos sa\u00fade ou b\u00ean\u00e7\u00e3os; elas v\u00eam como coroa de gra\u00e7a, n\u00e3o como sal\u00e1rio.<br> &#8211; \u201cQuem farta de bens a tua velhice, de sorte que a tua mocidade se renova como a \u00e1guia\u201d \u2014 Deus renova as for\u00e7as mesmo quando o corpo declina. A imagem da \u00e1guia n\u00e3o \u00e9 m\u00edtica; fala de vigor renovado pela confian\u00e7a em Deus (cf. Isa\u00edas 40.31).<\/p>\n\n\n\n<p class=\"wp-block-paragraph\">Aplica\u00e7\u00e3o pastoral: Para os idosos ou debilitados, esta promessa \u00e9 \u00e2ncora: a velhice pode ser cheia de bens espirituais \u2014 paz, sabedoria, testemunho. Para os jovens, \u00e9 um alerta: a sa\u00fade passageira n\u00e3o \u00e9 o bem supremo. A verdadeira renova\u00e7\u00e3o vem de Deus.<\/p>\n\n\n\n<p class=\"wp-block-paragraph\">Conclus\u00e3o: Bendize, \u00f3 minha alma<\/p>\n\n\n\n<p class=\"wp-block-paragraph\">O Salmo 103 nos convida a uma vida de louvor que integra corpo, alma e esp\u00edrito. A sa\u00fade e o bem-estar que o mundo oferece s\u00e3o fr\u00e1geis e tempor\u00e1rios. Mas aquele que perdoa, sara, redime e renova \u00e9 o Deus da alian\u00e7a, que em Cristo Jesus nos deu a cura definitiva \u2014 a vit\u00f3ria sobre o pecado e a morte. Que a nossa resposta seja bendizer ao Senhor com toda a nossa alma, confiando que ele cuida de n\u00f3s em cada esta\u00e7\u00e3o da vida.<\/p>\n\n\n\n<p class=\"wp-block-paragraph\">Exorta\u00e7\u00e3o final: Pregador, leve esta mensagem ao seu povo com humildade e compaix\u00e3o. N\u00e3o prometa cura f\u00edsica para todos, mas anuncie a cura da alma que est\u00e1 dispon\u00edvel em Cristo. E, acima de tudo, lembre-se de que voc\u00ea tamb\u00e9m precisa bendizer ao Senhor. Que o Esp\u00edrito Santo renove as suas for\u00e7as enquanto voc\u00ea proclama a Palavra.<\/p>\n\n\n\n<p class=\"wp-block-paragraph\"><\/p>\n","protected":false},"excerpt":{"rendered":"<p>Esbo\u00e7o de serm\u00e3o expositivo sobre sa\u00fade e bem-estar a partir do Salmo 103.1-5, destacando a obra de Deus como aquele que sara, redime e renova o seu povo.<\/p>\n","protected":false},"author":1,"featured_media":0,"comment_status":"open","ping_status":"open","sticky":false,"template":"","format":"standard","meta":{"pmpro_default_level":"","_uag_custom_page_level_css":"","site-sidebar-layout":"default","site-content-layout":"","ast-site-content-layout":"default","site-content-style":"default","site-sidebar-style":"default","ast-global-header-display":"","ast-banner-title-visibility":"","ast-main-header-display":"","ast-hfb-above-header-display":"","ast-hfb-below-header-display":"","ast-hfb-mobile-header-display":"","site-post-title":"","ast-breadcrumbs-content":"","ast-featured-img":"","footer-sml-layout":"","ast-disable-related-posts":"","theme-transparent-header-meta":"","adv-header-id-meta":"","stick-header-meta":"","header-above-stick-meta":"","header-main-stick-meta":"","header-below-stick-meta":"","astra-migrate-meta-layouts":"default","ast-page-background-enabled":"default","ast-page-background-meta":{"desktop":{"background-color":"var(--ast-global-color-4)","background-image":"","background-repeat":"repeat","background-position":"center center","background-size":"auto","background-attachment":"scroll","background-type":"","background-media":"","overlay-type":"","overlay-color":"","overlay-opacity":"","overlay-gradient":""},"tablet":{"background-color":"","background-image":"","background-repeat":"repeat","background-position":"center center","background-size":"auto","background-attachment":"scroll","background-type":"","background-media":"","overlay-type":"","overlay-color":"","overlay-opacity":"","overlay-gradient":""},"mobile":{"background-color":"","background-image":"","background-repeat":"repeat","background-position":"center center","background-size":"auto","background-attachment":"scroll","background-type":"","background-media":"","overlay-type":"","overlay-color":"","overlay-opacity":"","overlay-gradient":""}},"ast-content-background-meta":{"desktop":{"background-color":"var(--ast-global-color-5)","background-image":"","background-repeat":"repeat","background-position":"center center","background-size":"auto","background-attachment":"scroll","background-type":"","background-media":"","overlay-type":"","overlay-color":"","overlay-opacity":"","overlay-gradient":""},"tablet":{"background-color":"var(--ast-global-color-5)","background-image":"","background-repeat":"repeat","background-position":"center center","background-size":"auto","background-attachment":"scroll","background-type":"","background-media":"","overlay-type":"","overlay-color":"","overlay-opacity":"","overlay-gradient":""},"mobile":{"background-color":"var(--ast-global-color-5)","background-image":"","background-repeat":"repeat","background-position":"center center","background-size":"auto","background-attachment":"scroll","background-type":"","background-media":"","overlay-type":"","overlay-color":"","overlay-opacity":"","overlay-gradient":""}},"wpai_generated_summary":"","wpai_meta_description":"","footnotes":""},"categories":[8],"tags":[],"class_list":["post-775","post","type-post","status-publish","format-standard","hentry","category-esbocos-de-sermao","pmpro-has-access"],"uagb_featured_image_src":{"full":false,"thumbnail":false,"medium":false,"medium_large":false,"large":false,"1536x1536":false,"2048x2048":false},"uagb_author_info":{"display_name":"lucaspedro","author_link":"https:\/\/homilyai.com\/br\/author\/lucaspedro\/"},"uagb_comment_info":0,"uagb_excerpt":"Esbo\u00e7o de serm\u00e3o expositivo sobre sa\u00fade e bem-estar a partir do Salmo 103.1-5, destacando a obra de Deus como aquele que sara, redime e renova o seu povo.","_links":{"self":[{"href":"https:\/\/homilyai.com\/br\/wp-json\/wp\/v2\/posts\/775","targetHints":{"allow":["GET"]}}],"collection":[{"href":"https:\/\/homilyai.com\/br\/wp-json\/wp\/v2\/posts"}],"about":[{"href":"https:\/\/homilyai.com\/br\/wp-json\/wp\/v2\/types\/post"}],"author":[{"embeddable":true,"href":"https:\/\/homilyai.com\/br\/wp-json\/wp\/v2\/users\/1"}],"replies":[{"embeddable":true,"href":"https:\/\/homilyai.com\/br\/wp-json\/wp\/v2\/comments?post=775"}],"version-history":[{"count":1,"href":"https:\/\/homilyai.com\/br\/wp-json\/wp\/v2\/posts\/775\/revisions"}],"predecessor-version":[{"id":776,"href":"https:\/\/homilyai.com\/br\/wp-json\/wp\/v2\/posts\/775\/revisions\/776"}],"wp:attachment":[{"href":"https:\/\/homilyai.com\/br\/wp-json\/wp\/v2\/media?parent=775"}],"wp:term":[{"taxonomy":"category","embeddable":true,"href":"https:\/\/homilyai.com\/br\/wp-json\/wp\/v2\/categories?post=775"},{"taxonomy":"post_tag","embeddable":true,"href":"https:\/\/homilyai.com\/br\/wp-json\/wp\/v2\/tags?post=775"}],"curies":[{"name":"wp","href":"https:\/\/api.w.org\/{rel}","templated":true}]}}