{"id":780,"date":"2026-07-11T16:56:25","date_gmt":"2026-07-11T19:56:25","guid":{"rendered":"https:\/\/homilyai.com\/br\/?p=780"},"modified":"2026-07-11T16:56:25","modified_gmt":"2026-07-11T19:56:25","slug":"esboco-de-sermao-expositivo-a-suficiencia-de-cristo-no-sofrimento-2-corintios-129-10","status":"publish","type":"post","link":"https:\/\/homilyai.com\/br\/2026\/07\/11\/esboco-de-sermao-expositivo-a-suficiencia-de-cristo-no-sofrimento-2-corintios-129-10\/","title":{"rendered":"Esbo\u00e7o de Serm\u00e3o Expositivo: A Sufici\u00eancia de Cristo no Sofrimento (2 Cor\u00edntios 12:9-10)"},"content":{"rendered":"\n<p class=\"wp-block-paragraph\">Texto B\u00edblico Base: 2 Cor\u00edntios 12:9-10<\/p>\n\n\n\n<p class=\"wp-block-paragraph\">Introdu\u00e7\u00e3o Pastoral<br> Vivemos em uma era que idolatra a for\u00e7a, a autonomia e a autossufici\u00eancia. Somos constantemente pressionados a apresentar uma vida sem falhas, sem dores e sem limita\u00e7\u00f5es. No entanto, o ap\u00f3stolo Paulo, um homem de profundas experi\u00eancias espirituais e tamb\u00e9m de intensas afli\u00e7\u00f5es, nos apresenta uma l\u00f3gica que subverte os valores do mundo. Diante do seu &#8216;espinho na carne&#8217;, a resposta de Deus n\u00e3o foi a remo\u00e7\u00e3o do problema, mas a revela\u00e7\u00e3o de uma sufici\u00eancia que transcende a circunst\u00e2ncia. Este esbo\u00e7o visa auxiliar o pregador a conduzir a igreja para o descanso na soberania e na gra\u00e7a de Deus, mesmo quando o corpo e a mente clamam por al\u00edvio.<\/p>\n\n\n\n<p class=\"wp-block-paragraph\">Ideia Central da Mensagem<br> A for\u00e7a do crist\u00e3o n\u00e3o reside na aus\u00eancia de fraquezas, mas na depend\u00eancia absoluta da gra\u00e7a de Deus, que se aperfei\u00e7oa justamente onde a nossa capacidade humana termina.<\/p>\n\n\n\n<p class=\"wp-block-paragraph\"><\/p>\n\n\n\n<p class=\"wp-block-paragraph\">I. A Resposta de Deus \u00e0 Ora\u00e7\u00e3o por Al\u00edvio (v. 9a)<br> &#8220;Mas ele me disse: &#8216;Minha gra\u00e7a \u00e9 suficiente para voc\u00ea'&#8221;<\/p>\n\n\n\n<p class=\"wp-block-paragraph\">Exposi\u00e7\u00e3o: Paulo apresenta uma peti\u00e7\u00e3o (provavelmente por remo\u00e7\u00e3o do sofrimento) e recebe uma resposta divina. Note que Deus n\u00e3o responde com um &#8216;sim&#8217; ou &#8216;n\u00e3o&#8217; para o al\u00edvio f\u00edsico, mas com uma afirma\u00e7\u00e3o teol\u00f3gica sobre a Sua pr\u00f3pria natureza: a Gra\u00e7a.<br><br>Aplica\u00e7\u00e3o: Confrontar a tend\u00eancia de buscar a Deus apenas para que Ele mude nossas situa\u00e7\u00f5es, em vez de busc\u00e1-Lo para que Ele nos sustente nelas.<\/p>\n\n\n\n<p class=\"wp-block-paragraph\">II. O Paradoxo do Poder Divino na Limita\u00e7\u00e3o Humana (v. 9b)<br> &#8220;&#8230;pois o meu poder se aperfei\u00e7oa na fraqueza&#8221;<\/p>\n\n\n\n<p class=\"wp-block-paragraph\">Exposi\u00e7\u00e3o: O termo &#8216;aperfei\u00e7oa&#8217; sugere que o poder de Deus atinge seu pleno prop\u00f3sito e visibilidade quando o canal humano est\u00e1 vazio de autoconfian\u00e7a. A fraqueza n\u00e3o \u00e9 um obst\u00e1culo ao poder de Deus, mas o cen\u00e1rio onde Ele mais brilha.<br> <br>Aplica\u00e7\u00e3o: Encorajar aqueles que se sentem incapazes ou esgotados, mostrando que o esgotamento humano \u00e9 o terreno f\u00e9rtil para a manifesta\u00e7\u00e3o da gl\u00f3ria de Deus.<\/p>\n\n\n\n<p class=\"wp-block-paragraph\">III. A Atitude do Crente Diante da Fragilidade (v. 10)<br> &#8220;Por isso, por amor a Cristo, regozijo-me nas fraquezas, nas ofensas, nas necessidades, nas persegui\u00e7\u00f5es, nas ang\u00fastias&#8230;&#8221;<\/p>\n\n\n\n<p class=\"wp-block-paragraph\">Exposi\u00e7\u00e3o: Paulo n\u00e3o pratica um estoicismo frio, mas um &#8216;regozijo&#8217; fundamentado em um motivo superior: *por amor a Cristo*. Ele lista uma s\u00e9rie de adversidades que cobrem as esferas f\u00edsica, social e emocional.<br><br> Aplica\u00e7\u00e3o: Como reagir \u00e0s crises? N\u00e3o com desespero ou murmura\u00e7\u00e3o, mas com uma perspectiva de alian\u00e7a, sabendo que nossa identidade est\u00e1 em Cristo e n\u00e3o em nossa performance ou sa\u00fade.<\/p>\n\n\n\n<p class=\"wp-block-paragraph\"><\/p>\n\n\n\n<p class=\"wp-block-paragraph\">Conclus\u00e3o e Aplica\u00e7\u00e3o Pastoral<\/p>\n\n\n\n<p class=\"wp-block-paragraph\">Exorta\u00e7\u00e3o: N\u00e3o tema as suas limita\u00e7\u00f5es, as suas dores ou as suas insufici\u00eancias. Elas s\u00e3o o palco onde o Deus Todo-Poderoso deseja manifestar Sua sufici\u00eancia.<\/p>\n\n\n\n<p class=\"wp-block-paragraph\">Consolo: Para o irm\u00e3o que se sente esmagado pelo peso da vida, saiba que a gra\u00e7a de Deus n\u00e3o \u00e9 apenas um aux\u00edlio, ela \u00e9 o sustento que impede a sua queda definitiva.<\/p>\n\n\n\n<p class=\"wp-block-paragraph\">Chamado \u00e0 Obedi\u00eancia: Que possamos abandonar o orgulho de tentar controlar tudo e aprender a descansar na soberania de um Deus que \u00e9 forte quando n\u00f3s somos fracos. Viva hoje n\u00e3o pela sua for\u00e7a, mas pela for\u00e7a dAquele que te chamou.<\/p>\n\n\n\n<p class=\"wp-block-paragraph\">&#8212;<\/p>\n","protected":false},"excerpt":{"rendered":"<p>Um esbo\u00e7o de serm\u00e3o expositivo baseado em 2 Cor\u00edntios 12:9-10, explorando a teologia da gra\u00e7a e a for\u00e7a de Deus manifesta na fraqueza humana sob uma perspectiva reformada.<\/p>\n","protected":false},"author":1,"featured_media":0,"comment_status":"open","ping_status":"open","sticky":false,"template":"","format":"standard","meta":{"pmpro_default_level":"","_uag_custom_page_level_css":"","site-sidebar-layout":"default","site-content-layout":"","ast-site-content-layout":"default","site-content-style":"default","site-sidebar-style":"default","ast-global-header-display":"","ast-banner-title-visibility":"","ast-main-header-display":"","ast-hfb-above-header-display":"","ast-hfb-below-header-display":"","ast-hfb-mobile-header-display":"","site-post-title":"","ast-breadcrumbs-content":"","ast-featured-img":"","footer-sml-layout":"","ast-disable-related-posts":"","theme-transparent-header-meta":"","adv-header-id-meta":"","stick-header-meta":"","header-above-stick-meta":"","header-main-stick-meta":"","header-below-stick-meta":"","astra-migrate-meta-layouts":"default","ast-page-background-enabled":"default","ast-page-background-meta":{"desktop":{"background-color":"var(--ast-global-color-4)","background-image":"","background-repeat":"repeat","background-position":"center center","background-size":"auto","background-attachment":"scroll","background-type":"","background-media":"","overlay-type":"","overlay-color":"","overlay-opacity":"","overlay-gradient":""},"tablet":{"background-color":"","background-image":"","background-repeat":"repeat","background-position":"center center","background-size":"auto","background-attachment":"scroll","background-type":"","background-media":"","overlay-type":"","overlay-color":"","overlay-opacity":"","overlay-gradient":""},"mobile":{"background-color":"","background-image":"","background-repeat":"repeat","background-position":"center center","background-size":"auto","background-attachment":"scroll","background-type":"","background-media":"","overlay-type":"","overlay-color":"","overlay-opacity":"","overlay-gradient":""}},"ast-content-background-meta":{"desktop":{"background-color":"var(--ast-global-color-5)","background-image":"","background-repeat":"repeat","background-position":"center center","background-size":"auto","background-attachment":"scroll","background-type":"","background-media":"","overlay-type":"","overlay-color":"","overlay-opacity":"","overlay-gradient":""},"tablet":{"background-color":"var(--ast-global-color-5)","background-image":"","background-repeat":"repeat","background-position":"center center","background-size":"auto","background-attachment":"scroll","background-type":"","background-media":"","overlay-type":"","overlay-color":"","overlay-opacity":"","overlay-gradient":""},"mobile":{"background-color":"var(--ast-global-color-5)","background-image":"","background-repeat":"repeat","background-position":"center center","background-size":"auto","background-attachment":"scroll","background-type":"","background-media":"","overlay-type":"","overlay-color":"","overlay-opacity":"","overlay-gradient":""}},"wpai_generated_summary":"","wpai_meta_description":"","footnotes":""},"categories":[8],"tags":[],"class_list":["post-780","post","type-post","status-publish","format-standard","hentry","category-esbocos-de-sermao","pmpro-has-access"],"uagb_featured_image_src":{"full":false,"thumbnail":false,"medium":false,"medium_large":false,"large":false,"1536x1536":false,"2048x2048":false},"uagb_author_info":{"display_name":"lucaspedro","author_link":"https:\/\/homilyai.com\/br\/author\/lucaspedro\/"},"uagb_comment_info":0,"uagb_excerpt":"Um esbo\u00e7o de serm\u00e3o expositivo baseado em 2 Cor\u00edntios 12:9-10, explorando a teologia da gra\u00e7a e a for\u00e7a de Deus manifesta na fraqueza humana sob uma perspectiva reformada.","_links":{"self":[{"href":"https:\/\/homilyai.com\/br\/wp-json\/wp\/v2\/posts\/780","targetHints":{"allow":["GET"]}}],"collection":[{"href":"https:\/\/homilyai.com\/br\/wp-json\/wp\/v2\/posts"}],"about":[{"href":"https:\/\/homilyai.com\/br\/wp-json\/wp\/v2\/types\/post"}],"author":[{"embeddable":true,"href":"https:\/\/homilyai.com\/br\/wp-json\/wp\/v2\/users\/1"}],"replies":[{"embeddable":true,"href":"https:\/\/homilyai.com\/br\/wp-json\/wp\/v2\/comments?post=780"}],"version-history":[{"count":1,"href":"https:\/\/homilyai.com\/br\/wp-json\/wp\/v2\/posts\/780\/revisions"}],"predecessor-version":[{"id":781,"href":"https:\/\/homilyai.com\/br\/wp-json\/wp\/v2\/posts\/780\/revisions\/781"}],"wp:attachment":[{"href":"https:\/\/homilyai.com\/br\/wp-json\/wp\/v2\/media?parent=780"}],"wp:term":[{"taxonomy":"category","embeddable":true,"href":"https:\/\/homilyai.com\/br\/wp-json\/wp\/v2\/categories?post=780"},{"taxonomy":"post_tag","embeddable":true,"href":"https:\/\/homilyai.com\/br\/wp-json\/wp\/v2\/tags?post=780"}],"curies":[{"name":"wp","href":"https:\/\/api.w.org\/{rel}","templated":true}]}}