{"id":782,"date":"2026-07-15T10:05:01","date_gmt":"2026-07-15T13:05:01","guid":{"rendered":"https:\/\/homilyai.com\/br\/?p=782"},"modified":"2026-07-15T10:05:01","modified_gmt":"2026-07-15T13:05:01","slug":"esboco-de-sermao-expositivo-o-descanso-na-soberania-de-deus-mateus-1128-30","status":"publish","type":"post","link":"https:\/\/homilyai.com\/br\/2026\/07\/15\/esboco-de-sermao-expositivo-o-descanso-na-soberania-de-deus-mateus-1128-30\/","title":{"rendered":"Esbo\u00e7o de Serm\u00e3o: O Descanso na Soberania de Deus (Mateus 11:28-30)"},"content":{"rendered":"\n<p class=\"wp-block-paragraph\"><strong>Texto B\u00edblico Base: Mateus 11:28-30<\/strong><\/p>\n\n\n\n<p class=\"wp-block-paragraph\">&nbsp;<\/p>\n\n\n\n<p class=\"wp-block-paragraph\"><strong>Introdu\u00e7\u00e3o Pastoral<\/strong><br>Vivemos em uma era de exaust\u00e3o cr\u00f4nica. N\u00e3o \u00e9 apenas o cansa\u00e7o f\u00edsico do trabalho, mas um esgotamento da alma provocado pela necessidade de provar nosso valor, pelo peso de expectativas religiosas e pela busca incessante por controle. Muitos buscam o descanso em escapismos ou no sil\u00eancio vazio, mas o cora\u00e7\u00e3o humano permanece inquieto. Jesus, no entanto, n\u00e3o oferece uma t\u00e9cnica de relaxamento, mas um convite relacional e teol\u00f3gico. Ele oferece descanso para a alma atrav\u00e9s de uma nova forma de caminhar.<\/p>\n\n\n\n<p class=\"wp-block-paragraph\"><strong>Ideia Central da Mensagem<\/strong><br>O verdadeiro descanso da alma n\u00e3o \u00e9 a aus\u00eancia de trabalho ou de problemas, mas a submiss\u00e3o ao jugo suave de Cristo, que nos liberta do peso da autossufici\u00eancia e nos ancora na Sua gra\u00e7a soberana.<\/p>\n\n\n\n<p class=\"wp-block-paragraph\"><strong>I. O Convite para os Exaustos (v. 28)<\/strong><br>&#8220;Vinde a mim, todos os que estais cansados e sobrecarregados, e eu vos aliviarei.&#8221;<\/p>\n\n\n\n<p class=\"wp-block-paragraph\">Exposi\u00e7\u00e3o: Jesus dirige-se especificamente \u00e0queles que carregam fardos que n\u00e3o foram feitos para serem carregados por seres humanos. No contexto da \u00e9poca, referia-se tanto ao peso das exig\u00eancias legalistas dos fariseus quanto ao peso do pecado e da finitude. O convite \u00e9 um chamado \u00e0 pessoa de Cristo, n\u00e3o a um m\u00e9todo.<br>Aplica\u00e7\u00e3o Pastoral: Identifique o seu fardo hoje. \u00c9 o fardo de tentar ser perfeito? O fardo da ansiedade pelo futuro? O fardo de carregar o peso da salva\u00e7\u00e3o nas pr\u00f3prias costas? O primeiro passo para o descanso \u00e9 reconhecer a insufici\u00eancia de nossas pr\u00f3prias for\u00e7as e vir a Cristo.<\/p>\n\n\n\n<p class=\"wp-block-paragraph\"><strong>II. A Natureza do Novo Jugo (v. 29a)<\/strong><br>&#8220;Tomai sobre v\u00f3s o meu jugo e aprendei de mim&#8230;&#8221;<\/p>\n\n\n\n<p class=\"wp-block-paragraph\">Exposi\u00e7\u00e3o: O &#8220;jugo&#8221; era uma ferramenta de trabalho para dois animais. Jesus n\u00e3o est\u00e1 oferecendo uma vida sem responsabilidades, mas uma nova forma de caminhar. Estar sob o jugo de Cristo significa que Ele \u00e9 o parceiro que carrega o peso principal. Aprender de Cristo \u00e9 aprender a Sua mansid\u00e3o e humildade, que s\u00e3o o ant\u00eddoto para o orgulho que gera o cansa\u00e7o.<br>Aplica\u00e7\u00e3o Pastoral: O descanso crist\u00e3o n\u00e3o \u00e9 passividade, \u00e9 obedi\u00eancia sob a dire\u00e7\u00e3o de um Rei bom. Substitua o jugo do mundo (compara\u00e7\u00e3o, performance, busca por status) pelo jugo de Cristo (fidelidade, gra\u00e7a, depend\u00eancia).<\/p>\n\n\n\n<p class=\"wp-block-paragraph\"><strong>III. A Promessa da Alma Descansada (v. 29b-30)<\/strong><br>&#8220;&#8230;porque sou manso e humilde de cora\u00e7\u00e3o; e achareis descanso para as vossas almas. Porque o meu jugo \u00e9 suave, e o meu fardo \u00e9 leve.&#8221;<\/p>\n\n\n\n<p class=\"wp-block-paragraph\">Exposi\u00e7\u00e3o: O descanso \u00e9 encontrado na natureza do pr\u00f3prio Cristo. Ele n\u00e3o \u00e9 um mestre tir\u00e2nico que exige o imposs\u00edvel, mas um Salvador manso que prov\u00ea o que nos falta. O fardo \u00e9 &#8220;leve&#8221; n\u00e3o porque a vida crist\u00e3 seja f\u00e1cil, mas porque a gra\u00e7a de Deus sustenta o crente em meio \u00e0s tribula\u00e7\u00f5es. A motiva\u00e7\u00e3o para a santidade n\u00e3o \u00e9 o medo, mas a gratid\u00e3o pela Sua mansid\u00e3o.<br>Aplica\u00e7\u00e3o Pastoral: Quando voc\u00ea se sentir sobrecarregado pela vida ou pelo minist\u00e9rio, lembre-se de que o car\u00e1ter de Deus \u00e9 de mansid\u00e3o e humildade. O descanso da alma vem de saber que a soberania de Deus cuida dos detalhes que voc\u00ea n\u00e3o pode controlar.<\/p>\n\n\n\n<p class=\"wp-block-paragraph\"><strong>Conclus\u00e3o<\/strong><br>O convite de Jesus permanece aberto. Ele n\u00e3o oferece uma vida sem lutas, mas uma vida onde as lutas n\u00e3o destroem a alma, porque estamos unidos a Ele. Se voc\u00ea est\u00e1 cansado de tentar ser o seu pr\u00f3prio deus, de tentar sustentar o seu pr\u00f3prio mundo, ou de tentar conquistar o favor de Deus por obras, ou\u00e7a o chamado: venha a Ele, aceite o Seu jugo e encontre a paz que o mundo n\u00e3o pode dar e n\u00e3o pode tirar.<\/p>\n\n\n\n<p class=\"wp-block-paragraph\">Exorta\u00e7\u00e3o Final: Que possamos caminhar hoje n\u00e3o sob o peso da nossa pr\u00f3pria justi\u00e7a, mas sob a leveza da justi\u00e7a de Cristo, descansando na certeza de que Ele \u00e9 soberano e Sua gra\u00e7a \u00e9 suficiente.<\/p>\n","protected":false},"excerpt":{"rendered":"<p>Um esbo\u00e7o de prega\u00e7\u00e3o expositiva sobre o convite de Jesus ao descanso, confrontando o ativismo religioso e o cansa\u00e7o existencial com a sufici\u00eancia de Cristo.<\/p>\n","protected":false},"author":1,"featured_media":0,"comment_status":"open","ping_status":"open","sticky":false,"template":"","format":"standard","meta":{"pmpro_default_level":"","_uag_custom_page_level_css":"","site-sidebar-layout":"default","site-content-layout":"","ast-site-content-layout":"default","site-content-style":"default","site-sidebar-style":"default","ast-global-header-display":"","ast-banner-title-visibility":"","ast-main-header-display":"","ast-hfb-above-header-display":"","ast-hfb-below-header-display":"","ast-hfb-mobile-header-display":"","site-post-title":"","ast-breadcrumbs-content":"","ast-featured-img":"","footer-sml-layout":"","ast-disable-related-posts":"","theme-transparent-header-meta":"","adv-header-id-meta":"","stick-header-meta":"","header-above-stick-meta":"","header-main-stick-meta":"","header-below-stick-meta":"","astra-migrate-meta-layouts":"default","ast-page-background-enabled":"default","ast-page-background-meta":{"desktop":{"background-color":"var(--ast-global-color-4)","background-image":"","background-repeat":"repeat","background-position":"center center","background-size":"auto","background-attachment":"scroll","background-type":"","background-media":"","overlay-type":"","overlay-color":"","overlay-opacity":"","overlay-gradient":""},"tablet":{"background-color":"","background-image":"","background-repeat":"repeat","background-position":"center center","background-size":"auto","background-attachment":"scroll","background-type":"","background-media":"","overlay-type":"","overlay-color":"","overlay-opacity":"","overlay-gradient":""},"mobile":{"background-color":"","background-image":"","background-repeat":"repeat","background-position":"center center","background-size":"auto","background-attachment":"scroll","background-type":"","background-media":"","overlay-type":"","overlay-color":"","overlay-opacity":"","overlay-gradient":""}},"ast-content-background-meta":{"desktop":{"background-color":"var(--ast-global-color-5)","background-image":"","background-repeat":"repeat","background-position":"center center","background-size":"auto","background-attachment":"scroll","background-type":"","background-media":"","overlay-type":"","overlay-color":"","overlay-opacity":"","overlay-gradient":""},"tablet":{"background-color":"var(--ast-global-color-5)","background-image":"","background-repeat":"repeat","background-position":"center center","background-size":"auto","background-attachment":"scroll","background-type":"","background-media":"","overlay-type":"","overlay-color":"","overlay-opacity":"","overlay-gradient":""},"mobile":{"background-color":"var(--ast-global-color-5)","background-image":"","background-repeat":"repeat","background-position":"center center","background-size":"auto","background-attachment":"scroll","background-type":"","background-media":"","overlay-type":"","overlay-color":"","overlay-opacity":"","overlay-gradient":""}},"wpai_generated_summary":"","wpai_meta_description":"","footnotes":""},"categories":[8],"tags":[],"class_list":["post-782","post","type-post","status-publish","format-standard","hentry","category-esbocos-de-sermao","pmpro-has-access"],"uagb_featured_image_src":{"full":false,"thumbnail":false,"medium":false,"medium_large":false,"large":false,"1536x1536":false,"2048x2048":false},"uagb_author_info":{"display_name":"lucaspedro","author_link":"https:\/\/homilyai.com\/br\/author\/lucaspedro\/"},"uagb_comment_info":0,"uagb_excerpt":"Um esbo\u00e7o de prega\u00e7\u00e3o expositiva sobre o convite de Jesus ao descanso, confrontando o ativismo religioso e o cansa\u00e7o existencial com a sufici\u00eancia de Cristo.","_links":{"self":[{"href":"https:\/\/homilyai.com\/br\/wp-json\/wp\/v2\/posts\/782","targetHints":{"allow":["GET"]}}],"collection":[{"href":"https:\/\/homilyai.com\/br\/wp-json\/wp\/v2\/posts"}],"about":[{"href":"https:\/\/homilyai.com\/br\/wp-json\/wp\/v2\/types\/post"}],"author":[{"embeddable":true,"href":"https:\/\/homilyai.com\/br\/wp-json\/wp\/v2\/users\/1"}],"replies":[{"embeddable":true,"href":"https:\/\/homilyai.com\/br\/wp-json\/wp\/v2\/comments?post=782"}],"version-history":[{"count":1,"href":"https:\/\/homilyai.com\/br\/wp-json\/wp\/v2\/posts\/782\/revisions"}],"predecessor-version":[{"id":831,"href":"https:\/\/homilyai.com\/br\/wp-json\/wp\/v2\/posts\/782\/revisions\/831"}],"wp:attachment":[{"href":"https:\/\/homilyai.com\/br\/wp-json\/wp\/v2\/media?parent=782"}],"wp:term":[{"taxonomy":"category","embeddable":true,"href":"https:\/\/homilyai.com\/br\/wp-json\/wp\/v2\/categories?post=782"},{"taxonomy":"post_tag","embeddable":true,"href":"https:\/\/homilyai.com\/br\/wp-json\/wp\/v2\/tags?post=782"}],"curies":[{"name":"wp","href":"https:\/\/api.w.org\/{rel}","templated":true}]}}