{"id":805,"date":"2026-07-21T09:12:35","date_gmt":"2026-07-21T12:12:35","guid":{"rendered":"https:\/\/homilyai.com\/br\/?p=805"},"modified":"2026-07-21T09:12:35","modified_gmt":"2026-07-21T12:12:35","slug":"esboco-de-sermao-o-templo-do-espirito-e-o-cuidado-com-a-saude","status":"publish","type":"post","link":"https:\/\/homilyai.com\/br\/2026\/07\/21\/esboco-de-sermao-o-templo-do-espirito-e-o-cuidado-com-a-saude\/","title":{"rendered":"Esbo\u00e7o de Serm\u00e3o: O Templo do Esp\u00edrito e o Cuidado com a Sa\u00fade &#8211; 1 Cor\u00edntios 6:19-20"},"content":{"rendered":"\n<p class=\"wp-block-paragraph\">Texto B\u00edblico Base: 1 Cor\u00edntios 6:19-20<\/p>\n\n\n\n<p class=\"wp-block-paragraph\"><em> &#8220;Ser\u00e1 que voc\u00eas n\u00e3o sabem que o corpo de voc\u00eas \u00e9 santu\u00e1rio do Esp\u00edrito Santo, que est\u00e1 em voc\u00eas e que voc\u00eas receberam de Deus, e que voc\u00eas n\u00e3o pertencem a voc\u00eas mesmos? Porque voc\u00eas foram comprados por pre\u00e7o. Agora, pois, glorifiquem a Deus no corpo de voc\u00eas.&#8221; NAA<\/em><\/p>\n\n\n\n<p class=\"wp-block-paragraph\">Introdu\u00e7\u00e3o Pastoral<\/p>\n\n\n\n<p class=\"wp-block-paragraph\">Vivemos em uma era de obsess\u00e3o pelo corpo. De um lado, somos bombardeados por uma cultura de autoajuda que coloca o bem-estar f\u00edsico como o objetivo supremo da exist\u00eancia; de outro, enfrentamos o des\u00e2nimo e o descuido que surgem quando a sa\u00fade falha. Para o crist\u00e3o, o cuidado com o corpo n\u00e3o pode ser nem uma busca id\u00f3latra pela perfei\u00e7\u00e3o est\u00e9tica, nem um desleixo baseado em um falso ascetismo.<\/p>\n\n\n\n<p class=\"wp-block-paragraph\">A pergunta que este texto nos imp\u00f5e n\u00e3o \u00e9 apenas &#8220;como cuidar do meu corpo?&#8221;, mas &#8220;a quem pertence o meu corpo?&#8221;. Hoje, examinaremos a base teol\u00f3gica para a mordomia da nossa sa\u00fade, entendendo que o cuidado com o f\u00edsico \u00e9 um ato de adora\u00e7\u00e3o e reconhecimento da soberania de Deus sobre nossa vida.<\/p>\n\n\n\n<p class=\"wp-block-paragraph\">Ideia Central da Mensagem<br>O cuidado com a sa\u00fade n\u00e3o \u00e9 um fim em si mesmo para a gl\u00f3ria do homem, mas um dever de mordomia crist\u00e3, pois o corpo pertence a Deus, foi comprado por Cristo e \u00e9 o templo do Esp\u00edrito Santo.<\/p>\n\n\n\n<p class=\"wp-block-paragraph\">&nbsp;<\/p>\n\n\n\n<p class=\"wp-block-paragraph\">I. A Natureza do Nosso Corpo: O Templo do Esp\u00edrito (v. 19a)<br>&#8220;Ou n\u00e3o sabeis que o vosso corpo \u00e9 santu\u00e1rio do Esp\u00edrito Santo&#8230;&#8221;<\/p>\n\n\n\n<p class=\"wp-block-paragraph\">Exposi\u00e7\u00e3o: Paulo utiliza uma linguagem que confronta a mentalidade de que o corpo \u00e9 apenas uma &#8220;casca&#8221; ou algo sem import\u00e2ncia espiritual. Se o Esp\u00edrito Santo habita no crente, o corpo torna-se um espa\u00e7o sagrado. A presen\u00e7a de Deus no crente n\u00e3o \u00e9 apenas intelectual ou emocional, ela \u00e9 encarnada.<br>Ponto Teol\u00f3gico: A habita\u00e7\u00e3o do Esp\u00edrito Santo confere dignidade e sacralidade \u00e0 nossa biologia. O corpo n\u00e3o \u00e9 um acess\u00f3rio da alma; ele \u00e9 o local da presen\u00e7a de Deus na terra.<br>Aplica\u00e7\u00e3o: Como voc\u00ea tem tratado o &#8220;espa\u00e7o&#8221; onde Deus habita? O descuido com a sa\u00fade (seja por neglig\u00eancia ou por excessos) \u00e9, em \u00faltima an\u00e1lise, um desrespeito ao Santu\u00e1rio de Deus.<\/p>\n\n\n\n<p class=\"wp-block-paragraph\">II. A Propriedade do Nosso Corpo: Comprados por Pre\u00e7o (v. 20a)<br>&#8220;&#8230;e que n\u00e3o sois de v\u00f3s mesmos?&#8221;<\/p>\n\n\n\n<p class=\"wp-block-paragraph\">Exposi\u00e7\u00e3o: A autonomia \u00e9 a grande mentira da modernidade. O texto afirma categoricamente: &#8220;n\u00e3o sois de v\u00f3s mesmos&#8221;. A nossa identidade e propriedade foram transferidas no momento da reden\u00e7\u00e3o.<br>Ponto Teol\u00f3gico (Perspectiva Reformada): A soberania de Deus se manifesta na nossa reden\u00e7\u00e3o. Ele n\u00e3o apenas nos perdoou; Ele nos comprou. O pre\u00e7o pago n\u00e3o foi ouro ou prata, mas o sangue de Cristo. Isso anula o direito de autogoverno absoluto sobre nossa pr\u00f3pria vida.<br>Aplica\u00e7\u00e3o: O autocuidado crist\u00e3o difere do autocuidado secular. O secular busca satisfa\u00e7\u00e3o pr\u00f3pria; o crist\u00e3o busca a gest\u00e3o fiel daquilo que pertence ao seu Senhor. Voc\u00ea tem agido como dono ou como mordomo de sua sa\u00fade?<\/p>\n\n\n\n<p class=\"wp-block-paragraph\">III. O Prop\u00f3sito do Nosso Corpo: A Gl\u00f3ria de Deus (v. 20b)<br>&#8220;&#8230;porque fostes comprados por pre\u00e7o. Agora, pois, glorificai a Deus no vosso corpo.&#8221;<\/p>\n\n\n\n<p class=\"wp-block-paragraph\">Exposi\u00e7\u00e3o: O objetivo final da nossa exist\u00eancia n\u00e3o \u00e9 a longevidade ou a beleza, mas a gl\u00f3ria de Deus. O comando &#8220;glorificai a Deus no vosso corpo&#8221; conecta nossa biologia \u00e0 nossa doxologia.<br>Ponto Teol\u00f3gico: A reden\u00e7\u00e3o tem um prop\u00f3sito funcional. Somos salvos para a gl\u00f3ria de Deus. Isso significa que nossas escolhas diet\u00e9ticas, nossos h\u00e1bitos de descanso e nossa disciplina f\u00edsica devem ser motivadas pelo desejo de servir melhor ao Senhor e ao pr\u00f3ximo.<br>Aplica\u00e7\u00e3o: O cuidado com a sa\u00fade deve ser visto como um meio para um fim: ter vigor para o servi\u00e7o crist\u00e3o, clareza mental para a ora\u00e7\u00e3o e integridade para testemunhar o Evangelho. Cuidar do corpo \u00e9 uma forma de dizer &#8220;Obrigado&#8221; ao Redentor.<\/p>\n\n\n\n<p class=\"wp-block-paragraph\">&nbsp;<\/p>\n\n\n\n<p class=\"wp-block-paragraph\">Conclus\u00e3o e Exorta\u00e7\u00e3o<\/p>\n\n\n\n<p class=\"wp-block-paragraph\">N\u00e3o caia no erro de transformar a sa\u00fade em um \u00eddolo, buscando a preserva\u00e7\u00e3o do corpo como se ele fosse eterno. Mas tamb\u00e9m n\u00e3o caia no erro de tratar o corpo com desprezo, como se ele n\u00e3o importasse para Deus.<\/p>\n\n\n\n<p class=\"wp-block-paragraph\">Lembre-se: voc\u00ea \u00e9 um templo. Voc\u00ea foi comprado. Voc\u00ea tem um Dono.<\/p>\n\n\n\n<p class=\"wp-block-paragraph\">Que o seu cuidado com a sa\u00fade seja um ato de submiss\u00e3o \u00e0 soberania de Deus. Que, ao cuidarmos do que Ele nos emprestou, possamos glorificar o Nome dAquele que nos resgatou. Que o seu corpo seja um instrumento de justi\u00e7a e um altar de adora\u00e7\u00e3o para a gl\u00f3ria de Deus. Am\u00e9m.<\/p>\n","protected":false},"excerpt":{"rendered":"<p>Um esbo\u00e7o de serm\u00e3o expositivo sobre 1 Cor\u00edntios 6:19-20, abordando a mordomia do corpo sob a perspectiva da soberania de Deus e da reden\u00e7\u00e3o em Cristo.<\/p>\n","protected":false},"author":1,"featured_media":0,"comment_status":"open","ping_status":"open","sticky":false,"template":"","format":"standard","meta":{"pmpro_default_level":"","_uag_custom_page_level_css":"","site-sidebar-layout":"default","site-content-layout":"","ast-site-content-layout":"default","site-content-style":"default","site-sidebar-style":"default","ast-global-header-display":"","ast-banner-title-visibility":"","ast-main-header-display":"","ast-hfb-above-header-display":"","ast-hfb-below-header-display":"","ast-hfb-mobile-header-display":"","site-post-title":"","ast-breadcrumbs-content":"","ast-featured-img":"","footer-sml-layout":"","ast-disable-related-posts":"","theme-transparent-header-meta":"","adv-header-id-meta":"","stick-header-meta":"","header-above-stick-meta":"","header-main-stick-meta":"","header-below-stick-meta":"","astra-migrate-meta-layouts":"default","ast-page-background-enabled":"default","ast-page-background-meta":{"desktop":{"background-color":"var(--ast-global-color-4)","background-image":"","background-repeat":"repeat","background-position":"center center","background-size":"auto","background-attachment":"scroll","background-type":"","background-media":"","overlay-type":"","overlay-color":"","overlay-opacity":"","overlay-gradient":""},"tablet":{"background-color":"","background-image":"","background-repeat":"repeat","background-position":"center center","background-size":"auto","background-attachment":"scroll","background-type":"","background-media":"","overlay-type":"","overlay-color":"","overlay-opacity":"","overlay-gradient":""},"mobile":{"background-color":"","background-image":"","background-repeat":"repeat","background-position":"center center","background-size":"auto","background-attachment":"scroll","background-type":"","background-media":"","overlay-type":"","overlay-color":"","overlay-opacity":"","overlay-gradient":""}},"ast-content-background-meta":{"desktop":{"background-color":"var(--ast-global-color-5)","background-image":"","background-repeat":"repeat","background-position":"center center","background-size":"auto","background-attachment":"scroll","background-type":"","background-media":"","overlay-type":"","overlay-color":"","overlay-opacity":"","overlay-gradient":""},"tablet":{"background-color":"var(--ast-global-color-5)","background-image":"","background-repeat":"repeat","background-position":"center center","background-size":"auto","background-attachment":"scroll","background-type":"","background-media":"","overlay-type":"","overlay-color":"","overlay-opacity":"","overlay-gradient":""},"mobile":{"background-color":"var(--ast-global-color-5)","background-image":"","background-repeat":"repeat","background-position":"center center","background-size":"auto","background-attachment":"scroll","background-type":"","background-media":"","overlay-type":"","overlay-color":"","overlay-opacity":"","overlay-gradient":""}},"wpai_generated_summary":"","wpai_meta_description":"","footnotes":""},"categories":[8],"tags":[],"class_list":["post-805","post","type-post","status-publish","format-standard","hentry","category-esbocos-de-sermao","pmpro-has-access"],"uagb_featured_image_src":{"full":false,"thumbnail":false,"medium":false,"medium_large":false,"large":false,"1536x1536":false,"2048x2048":false},"uagb_author_info":{"display_name":"lucaspedro","author_link":"https:\/\/homilyai.com\/br\/author\/lucaspedro\/"},"uagb_comment_info":0,"uagb_excerpt":"Um esbo\u00e7o de serm\u00e3o expositivo sobre 1 Cor\u00edntios 6:19-20, abordando a mordomia do corpo sob a perspectiva da soberania de Deus e da reden\u00e7\u00e3o em Cristo.","_links":{"self":[{"href":"https:\/\/homilyai.com\/br\/wp-json\/wp\/v2\/posts\/805","targetHints":{"allow":["GET"]}}],"collection":[{"href":"https:\/\/homilyai.com\/br\/wp-json\/wp\/v2\/posts"}],"about":[{"href":"https:\/\/homilyai.com\/br\/wp-json\/wp\/v2\/types\/post"}],"author":[{"embeddable":true,"href":"https:\/\/homilyai.com\/br\/wp-json\/wp\/v2\/users\/1"}],"replies":[{"embeddable":true,"href":"https:\/\/homilyai.com\/br\/wp-json\/wp\/v2\/comments?post=805"}],"version-history":[{"count":1,"href":"https:\/\/homilyai.com\/br\/wp-json\/wp\/v2\/posts\/805\/revisions"}],"predecessor-version":[{"id":846,"href":"https:\/\/homilyai.com\/br\/wp-json\/wp\/v2\/posts\/805\/revisions\/846"}],"wp:attachment":[{"href":"https:\/\/homilyai.com\/br\/wp-json\/wp\/v2\/media?parent=805"}],"wp:term":[{"taxonomy":"category","embeddable":true,"href":"https:\/\/homilyai.com\/br\/wp-json\/wp\/v2\/categories?post=805"},{"taxonomy":"post_tag","embeddable":true,"href":"https:\/\/homilyai.com\/br\/wp-json\/wp\/v2\/tags?post=805"}],"curies":[{"name":"wp","href":"https:\/\/api.w.org\/{rel}","templated":true}]}}